{"id":964,"date":"2025-11-17T12:01:16","date_gmt":"2025-11-17T11:01:16","guid":{"rendered":"http:\/\/mta-gelsen.at\/?p=964"},"modified":"2025-11-17T12:13:52","modified_gmt":"2025-11-17T11:13:52","slug":"gelsen-anzahl-und-verteilung","status":"publish","type":"post","link":"http:\/\/mta-gelsen.at\/?p=964","title":{"rendered":"Gelsen &#8211; Verteilung"},"content":{"rendered":"\n<h2 class=\"wp-block-heading\">Gelsenverteilung 2025:<\/h2>\n\n\n\n<figure class=\"wp-block-image size-large\"><img loading=\"lazy\" decoding=\"async\" width=\"1024\" height=\"892\" src=\"http:\/\/mta-gelsen.at\/wp-content\/uploads\/2025\/11\/Verteil_2025-1024x892.png\" alt=\"\" class=\"wp-image-1244\" srcset=\"http:\/\/mta-gelsen.at\/wp-content\/uploads\/2025\/11\/Verteil_2025-1024x892.png 1024w, http:\/\/mta-gelsen.at\/wp-content\/uploads\/2025\/11\/Verteil_2025-300x261.png 300w\" sizes=\"(max-width: 1024px) 100vw, 1024px\" \/><\/figure>\n\n\n\n<p class=\"has-small-font-size\">Abb. 1: Abbildung 38: Verteilung der monatlich gefangenen adulten (erwachsenen) Gelsen auf \u00dcberschwemmungs-Gelsen (<em>Aedes<\/em>), Fieber-Gelsen (<em>Anopheles<\/em>) und Haus-Gelsen (<em>Culex <\/em>und <em>Culiseta<\/em>) in 2025, aufsummiert \u00fcber alle teilnehmenden 9 Projektgemeinden.<\/p>\n\n\n\n<p>\u00c4hnliches Bild wie im Vorjahr bei den Haus-Gelsen, diese nahmen mit den Temperaturen und Regenf\u00e4llen zu und wurden mit sinkenden Temperaturen wieder weniger. Mit einer Au\u00dfnahme im Juli, da der Juni sehr trocken war. Da es heuer nur ein kleines und regionales Hochwasser an der Unteren March (Ende Juli) gab, schossen die Zahlen der \u00dcberschwemmungs &#8211; Gelsen in diesem Bereich f\u00fcr ein paar Wochen in die H\u00f6he. Alles in allem war 2025 ein sehr gelsenarmes Jahr.<\/p>\n\n\n\n<p><a href=\"https:\/\/marchtayaauen-my.sharepoint.com\/:b:\/r\/personal\/katharina_vesely_mta-gelsen_at\/Documents\/Attachments\/Jahresbericht_2025_Gelsenverein%201.pdf?csf=1&amp;web=1&amp;e=AqtNgo\">Jahresbericht_2025_Gelsenverein 1<\/a><\/p>\n\n\n\n<h2 class=\"wp-block-heading\">Gelsenverteilung 2024:<\/h2>\n\n\n\n<figure class=\"wp-block-image size-large\"><img loading=\"lazy\" decoding=\"async\" width=\"1024\" height=\"576\" src=\"http:\/\/mta-gelsen.at\/wp-content\/uploads\/2025\/04\/Haus-Uebersch-graf2024HP-2-1024x576.jpg\" alt=\"\" class=\"wp-image-1168\" srcset=\"http:\/\/mta-gelsen.at\/wp-content\/uploads\/2025\/04\/Haus-Uebersch-graf2024HP-2-1024x576.jpg 1024w, http:\/\/mta-gelsen.at\/wp-content\/uploads\/2025\/04\/Haus-Uebersch-graf2024HP-2-300x169.jpg 300w, http:\/\/mta-gelsen.at\/wp-content\/uploads\/2025\/04\/Haus-Uebersch-graf2024HP-2-768x432.jpg 768w, http:\/\/mta-gelsen.at\/wp-content\/uploads\/2025\/04\/Haus-Uebersch-graf2024HP-2.jpg 1280w\" sizes=\"(max-width: 1024px) 100vw, 1024px\" \/><\/figure>\n\n\n\n<p class=\"has-small-font-size\">Abb. 2: Anzahl an Haus- und \u00dcberschwemmungs-Gelsen im Jahr 2024; aufsummiert \u00fcber alle teilnehmenden 9 Projektgemeinden.<\/p>\n\n\n\n<p>Wie man in der oberen Abbildung deutlich erkennen kann, stieg die Anzahl der adulten Hausgelsen (siehe punktierte Trendlinie) mit den Sommermonaten an und sank wieder mit der k\u00fchlen Jahreszeit. \u00dcberschwemmungsgelsen hatte ihr Hoch nat\u00fcrlich nach jedem Hochwasser: Juni (Donau), Juli (obere March), September (\u00fcberall). <\/p>\n\n\n\n<p>Diese Graphik best\u00e4tigt, dass die Hausgelsen sich besonders gut im Sommer vermehren und es daf\u00fcr kein Hochwasser braucht, es reichen kleinste Wasseransammlungen in unseren G\u00e4rten ohne ihre Fressfeinde. <\/p>\n\n\n\n<p><\/p>\n\n\n\n<p><\/p>\n","protected":false},"excerpt":{"rendered":"<p>Im Mai konnten generell recht wenige Gelsen gez\u00e4hlt werden, im Juni deutlich mehr (jeweils haupts\u00e4chlich der Gattung Aedes), jedoch lag der Juniwert dennoch weit unter dem langj\u00e4hrigen Mittel. <a href=\"http:\/\/mta-gelsen.at\/?p=964\">Weiterlesen <span class=\"meta-nav\">&rarr;<\/span><\/a><\/p>\n","protected":false},"author":4,"featured_media":0,"comment_status":"closed","ping_status":"closed","sticky":true,"template":"","format":"standard","meta":{"footnotes":""},"categories":[1],"tags":[100,98,101,97,33,35,96,17,92,34,99],"_links":{"self":[{"href":"http:\/\/mta-gelsen.at\/index.php?rest_route=\/wp\/v2\/posts\/964"}],"collection":[{"href":"http:\/\/mta-gelsen.at\/index.php?rest_route=\/wp\/v2\/posts"}],"about":[{"href":"http:\/\/mta-gelsen.at\/index.php?rest_route=\/wp\/v2\/types\/post"}],"author":[{"embeddable":true,"href":"http:\/\/mta-gelsen.at\/index.php?rest_route=\/wp\/v2\/users\/4"}],"replies":[{"embeddable":true,"href":"http:\/\/mta-gelsen.at\/index.php?rest_route=%2Fwp%2Fv2%2Fcomments&post=964"}],"version-history":[{"count":9,"href":"http:\/\/mta-gelsen.at\/index.php?rest_route=\/wp\/v2\/posts\/964\/revisions"}],"predecessor-version":[{"id":1248,"href":"http:\/\/mta-gelsen.at\/index.php?rest_route=\/wp\/v2\/posts\/964\/revisions\/1248"}],"wp:attachment":[{"href":"http:\/\/mta-gelsen.at\/index.php?rest_route=%2Fwp%2Fv2%2Fmedia&parent=964"}],"wp:term":[{"taxonomy":"category","embeddable":true,"href":"http:\/\/mta-gelsen.at\/index.php?rest_route=%2Fwp%2Fv2%2Fcategories&post=964"},{"taxonomy":"post_tag","embeddable":true,"href":"http:\/\/mta-gelsen.at\/index.php?rest_route=%2Fwp%2Fv2%2Ftags&post=964"}],"curies":[{"name":"wp","href":"https:\/\/api.w.org\/{rel}","templated":true}]}}